{"id":970,"date":"2026-04-28T07:26:20","date_gmt":"2026-04-28T07:26:20","guid":{"rendered":"https:\/\/franciscansinternational.org\/pt\/?p=970"},"modified":"2026-04-28T07:26:21","modified_gmt":"2026-04-28T07:26:21","slug":"reforcar-a-capacidade-a-longo-prazo-para-documentar-violacoes-dos-direitos-humanos-na-guatemala","status":"publish","type":"post","link":"https:\/\/franciscansinternational.org\/pt\/reforcar-a-capacidade-a-longo-prazo-para-documentar-violacoes-dos-direitos-humanos-na-guatemala\/","title":{"rendered":"Refor\u00e7ar a capacidade a longo prazo para documentar viola\u00e7\u00f5es dos direitos humanos na Guatemala\u00a0"},"content":{"rendered":"\n<p>A Franciscans International visitou recentemente a Guatemala para realizar um workshop de capacita\u00e7\u00e3o destinado a franciscanos e representantes da sociedade civil local. Atrav\u00e9s de reuni\u00f5es com parceiros locais, a miss\u00e3o tamb\u00e9m proporcionou uma vis\u00e3o em primeira m\u00e3o dos desafios crescentes enfrentados pelos defensores dos direitos humanos e pelas comunidades ind\u00edgenas \u2013 din\u00e2micas que n\u00e3o podem ser captadas apenas atrav\u00e9s da monitoriza\u00e7\u00e3o \u00e0 dist\u00e2ncia.&nbsp;<\/p>\n\n\n\n<p>Paralelamente a esta forma\u00e7\u00e3o, a FI tamb\u00e9m se reuniu com a equipa guatemalteca da\u00a0<a href=\"https:\/\/redfranciscana.org\/\" target=\"_blank\" rel=\"noreferrer noopener\">Rede Franciscana para os Migrantes<\/a> (RFM), cujos membros prestam assist\u00eancia humanit\u00e1ria direta a pessoas em movimento. Entre elas est\u00e1 um n\u00famero crescente de migrantes que regressam ap\u00f3s deporta\u00e7\u00e3o ou devido \u00e0s pol\u00edticas migrat\u00f3rias cada vez mais restritivas nos Estados Unidos.<\/p>\n\n\n\n<p>A Guatemala continua a enfrentar uma ampla gama de desafios estruturais em mat\u00e9ria de direitos humanos. Apesar da elei\u00e7\u00e3o de um governo orientado para as reformas em 2023, verifica-se uma deteriora\u00e7\u00e3o cont\u00ednua do Estado de direito, combinada com uma fragilidade institucional que limita o acesso \u00e0 justi\u00e7a para as comunidades afetadas. Num contexto em que poderosas empresas amea\u00e7am as terras ind\u00edgenas, os defensores dos direitos humanos t\u00eam sofrido o peso de um sistema judicial cooptado por interesses especiais, atrav\u00e9s da criminaliza\u00e7\u00e3o, intimida\u00e7\u00e3o e repres\u00e1lias. A isto juntam-se din\u00e2micas migrat\u00f3rias complexas, incluindo um n\u00famero crescente de repatriados que agravam as press\u00f5es socioecon\u00f3micas no pa\u00eds.<\/p>\n\n\n\n<p>Uma prioridade fundamental da visita foi refor\u00e7ar a coordena\u00e7\u00e3o, a coopera\u00e7\u00e3o e a capacidade das organiza\u00e7\u00f5es da sociedade civil, tanto a n\u00edvel nacional como internacional, para denunciar viola\u00e7\u00f5es dos direitos humanos quando as vias nacionais se revelam insuficientes. No \u00e2mbito do workshop, a FI deu os primeiros passos para iniciar um processo de documenta\u00e7\u00e3o que possa servir para denunciar de forma mais eficaz as viola\u00e7\u00f5es dos direitos humanos junto dos Procedimentos Especiais da ONU e de outros mecanismos relevantes da ONU.<\/p>\n\n\n\n<p>Entretanto, a RFM voltou a enfatizar as din\u00e2micas migrat\u00f3rias em mudan\u00e7a na regi\u00e3o que a FI j\u00e1 tinha levantado anteriormente no Conselho de Direitos Humanos da ONU. A situa\u00e7\u00e3o tornou-se cada vez mais complexa, com um n\u00famero crescente de repatriados a necessitar de apoio e a aumentar a press\u00e3o socioecon\u00f3mica neste pa\u00eds. Neste contexto, a FI continuar\u00e1 tanto a denunciar as viola\u00e7\u00f5es dos direitos humanos documentadas pela RFM na ONU como a trabalhar para refor\u00e7ar a capacidade da rede para o fazer em todas as Am\u00e9ricas.<\/p>\n\n\n\n<p>Como primeiro passo ap\u00f3s a visita, a FI est\u00e1 a preparar uma apresenta\u00e7\u00e3o para o Grupo de Trabalho da ONU sobre Empresas e Direitos Humanos, que visitar\u00e1 a Guatemala ainda este ano. O relat\u00f3rio refletir\u00e1 as evid\u00eancias recolhidas junto das comunidades durante o workshop, incluindo preocupa\u00e7\u00f5es em torno de conflitos relacionados com terras e recursos naturais, a falta de consulta \u00e0s comunidades afetadas e os danos ambientais associados \u00e0s atividades empresariais.<\/p>\n\n\n\n<p><\/p>\n\n\n\n<p class=\"has-text-align-center has-background has-small-font-size\" style=\"background-color:#f4f5f6\">Esta \u00e9 uma tradu\u00e7\u00e3o autom\u00e1tica. Pedimos desculpa por quaisquer erros que possam ter ocorrido como resultado. Em caso de diverg\u00eancia, \u00e9 a vers\u00e3o inglesa que faz f\u00e9.\u00a0\u00a0<\/p>\n","protected":false},"excerpt":{"rendered":"<p>A Franciscans International visitou recentemente a Guatemala para realizar um workshop de capacita\u00e7\u00e3o destinado a franciscanos e representantes da sociedade &#8230; <\/p>\n","protected":false},"author":3,"featured_media":972,"comment_status":"closed","ping_status":"closed","sticky":false,"template":"","format":"standard","meta":{"_relevanssi_hide_post":"","_relevanssi_hide_content":"","_relevanssi_pin_for_all":"","_relevanssi_pin_keywords":"","_relevanssi_unpin_keywords":"","_relevanssi_related_keywords":"","_relevanssi_related_include_ids":"","_relevanssi_related_exclude_ids":"","_relevanssi_related_no_append":"","_relevanssi_related_not_related":"","_relevanssi_related_posts":"954,870,337,602,755,734","_relevanssi_noindex_reason":"","_jetpack_memberships_contains_paid_content":false,"footnotes":""},"categories":[1],"tags":[27,24],"class_list":["post-970","post","type-post","status-publish","format-standard","has-post-thumbnail","hentry","category-noticias","tag-dignidade-igualitaria","tag-programa-para-as-americas"],"acf":[],"yoast_head":"<!-- This site is optimized with the Yoast SEO plugin v27.5 - https:\/\/yoast.com\/product\/yoast-seo-wordpress\/ -->\n<title>Refor\u00e7ar a capacidade a longo prazo para documentar viola\u00e7\u00f5es dos direitos humanos na Guatemala\u00a0 - Franciscans International (PT)<\/title>\n<meta name=\"robots\" content=\"index, follow, max-snippet:-1, max-image-preview:large, max-video-preview:-1\" \/>\n<link rel=\"canonical\" href=\"https:\/\/franciscansinternational.org\/pt\/reforcar-a-capacidade-a-longo-prazo-para-documentar-violacoes-dos-direitos-humanos-na-guatemala\/\" \/>\n<meta property=\"og:locale\" content=\"pt_PT\" \/>\n<meta property=\"og:type\" content=\"article\" \/>\n<meta property=\"og:title\" content=\"Refor\u00e7ar a capacidade a longo prazo para documentar viola\u00e7\u00f5es dos direitos humanos na Guatemala\u00a0 - Franciscans International (PT)\" \/>\n<meta property=\"og:description\" content=\"A Franciscans International visitou recentemente a Guatemala para realizar um workshop de capacita\u00e7\u00e3o destinado a franciscanos e representantes da sociedade ...\" \/>\n<meta property=\"og:url\" content=\"https:\/\/franciscansinternational.org\/pt\/reforcar-a-capacidade-a-longo-prazo-para-documentar-violacoes-dos-direitos-humanos-na-guatemala\/\" \/>\n<meta property=\"og:site_name\" content=\"Franciscans International (PT)\" \/>\n<meta property=\"article:publisher\" content=\"https:\/\/www.facebook.com\/FranciscansInternational\/\" \/>\n<meta property=\"article:published_time\" content=\"2026-04-28T07:26:20+00:00\" \/>\n<meta property=\"article:modified_time\" content=\"2026-04-28T07:26:21+00:00\" \/>\n<meta property=\"og:image\" content=\"https:\/\/franciscansinternational.org\/pt\/wp-content\/uploads\/sites\/5\/2026\/04\/signal-2026-04-27-163813_008.jpeg\" \/>\n\t<meta property=\"og:image:width\" content=\"1600\" \/>\n\t<meta property=\"og:image:height\" content=\"842\" \/>\n\t<meta property=\"og:image:type\" content=\"image\/jpeg\" \/>\n<meta name=\"author\" content=\"communications\" \/>\n<meta name=\"twitter:card\" content=\"summary_large_image\" \/>\n<meta name=\"twitter:creator\" content=\"@FranciscansIntl\" \/>\n<meta name=\"twitter:site\" content=\"@FranciscansIntl\" \/>\n<meta name=\"twitter:label1\" content=\"Escrito por\" \/>\n\t<meta name=\"twitter:data1\" content=\"communications\" \/>\n\t<meta name=\"twitter:label2\" content=\"Tempo estimado de leitura\" \/>\n\t<meta name=\"twitter:data2\" content=\"3 minutos\" \/>\n<script type=\"application\/ld+json\" class=\"yoast-schema-graph\">{\"@context\":\"https:\\\/\\\/schema.org\",\"@graph\":[{\"@type\":\"Article\",\"@id\":\"https:\\\/\\\/franciscansinternational.org\\\/pt\\\/reforcar-a-capacidade-a-longo-prazo-para-documentar-violacoes-dos-direitos-humanos-na-guatemala\\\/#article\",\"isPartOf\":{\"@id\":\"https:\\\/\\\/franciscansinternational.org\\\/pt\\\/reforcar-a-capacidade-a-longo-prazo-para-documentar-violacoes-dos-direitos-humanos-na-guatemala\\\/\"},\"author\":{\"name\":\"communications\",\"@id\":\"https:\\\/\\\/franciscansinternational.org\\\/pt\\\/#\\\/schema\\\/person\\\/f398f02712a9dcab7603295bc1ea94e4\"},\"headline\":\"Refor\u00e7ar a capacidade a longo prazo para documentar viola\u00e7\u00f5es dos direitos humanos na Guatemala\u00a0\",\"datePublished\":\"2026-04-28T07:26:20+00:00\",\"dateModified\":\"2026-04-28T07:26:21+00:00\",\"mainEntityOfPage\":{\"@id\":\"https:\\\/\\\/franciscansinternational.org\\\/pt\\\/reforcar-a-capacidade-a-longo-prazo-para-documentar-violacoes-dos-direitos-humanos-na-guatemala\\\/\"},\"wordCount\":565,\"publisher\":{\"@id\":\"https:\\\/\\\/franciscansinternational.org\\\/pt\\\/#organization\"},\"image\":{\"@id\":\"https:\\\/\\\/franciscansinternational.org\\\/pt\\\/reforcar-a-capacidade-a-longo-prazo-para-documentar-violacoes-dos-direitos-humanos-na-guatemala\\\/#primaryimage\"},\"thumbnailUrl\":\"https:\\\/\\\/franciscansinternational.org\\\/pt\\\/wp-content\\\/uploads\\\/sites\\\/5\\\/2026\\\/04\\\/signal-2026-04-27-163813_008.jpeg\",\"keywords\":[\"Dignidade igualit\u00e1ria\",\"Programa para as Am\u00e9ricas\"],\"articleSection\":[\"Not\u00edcias\"],\"inLanguage\":\"pt-PT\"},{\"@type\":\"WebPage\",\"@id\":\"https:\\\/\\\/franciscansinternational.org\\\/pt\\\/reforcar-a-capacidade-a-longo-prazo-para-documentar-violacoes-dos-direitos-humanos-na-guatemala\\\/\",\"url\":\"https:\\\/\\\/franciscansinternational.org\\\/pt\\\/reforcar-a-capacidade-a-longo-prazo-para-documentar-violacoes-dos-direitos-humanos-na-guatemala\\\/\",\"name\":\"Refor\u00e7ar a capacidade a longo prazo para documentar viola\u00e7\u00f5es dos direitos humanos na Guatemala\u00a0 - Franciscans International (PT)\",\"isPartOf\":{\"@id\":\"https:\\\/\\\/franciscansinternational.org\\\/pt\\\/#website\"},\"primaryImageOfPage\":{\"@id\":\"https:\\\/\\\/franciscansinternational.org\\\/pt\\\/reforcar-a-capacidade-a-longo-prazo-para-documentar-violacoes-dos-direitos-humanos-na-guatemala\\\/#primaryimage\"},\"image\":{\"@id\":\"https:\\\/\\\/franciscansinternational.org\\\/pt\\\/reforcar-a-capacidade-a-longo-prazo-para-documentar-violacoes-dos-direitos-humanos-na-guatemala\\\/#primaryimage\"},\"thumbnailUrl\":\"https:\\\/\\\/franciscansinternational.org\\\/pt\\\/wp-content\\\/uploads\\\/sites\\\/5\\\/2026\\\/04\\\/signal-2026-04-27-163813_008.jpeg\",\"datePublished\":\"2026-04-28T07:26:20+00:00\",\"dateModified\":\"2026-04-28T07:26:21+00:00\",\"breadcrumb\":{\"@id\":\"https:\\\/\\\/franciscansinternational.org\\\/pt\\\/reforcar-a-capacidade-a-longo-prazo-para-documentar-violacoes-dos-direitos-humanos-na-guatemala\\\/#breadcrumb\"},\"inLanguage\":\"pt-PT\",\"potentialAction\":[{\"@type\":\"ReadAction\",\"target\":[\"https:\\\/\\\/franciscansinternational.org\\\/pt\\\/reforcar-a-capacidade-a-longo-prazo-para-documentar-violacoes-dos-direitos-humanos-na-guatemala\\\/\"]}]},{\"@type\":\"ImageObject\",\"inLanguage\":\"pt-PT\",\"@id\":\"https:\\\/\\\/franciscansinternational.org\\\/pt\\\/reforcar-a-capacidade-a-longo-prazo-para-documentar-violacoes-dos-direitos-humanos-na-guatemala\\\/#primaryimage\",\"url\":\"https:\\\/\\\/franciscansinternational.org\\\/pt\\\/wp-content\\\/uploads\\\/sites\\\/5\\\/2026\\\/04\\\/signal-2026-04-27-163813_008.jpeg\",\"contentUrl\":\"https:\\\/\\\/franciscansinternational.org\\\/pt\\\/wp-content\\\/uploads\\\/sites\\\/5\\\/2026\\\/04\\\/signal-2026-04-27-163813_008.jpeg\",\"width\":1600,\"height\":842},{\"@type\":\"BreadcrumbList\",\"@id\":\"https:\\\/\\\/franciscansinternational.org\\\/pt\\\/reforcar-a-capacidade-a-longo-prazo-para-documentar-violacoes-dos-direitos-humanos-na-guatemala\\\/#breadcrumb\",\"itemListElement\":[{\"@type\":\"ListItem\",\"position\":1,\"name\":\"Home\",\"item\":\"https:\\\/\\\/franciscansinternational.org\\\/pt\\\/\"},{\"@type\":\"ListItem\",\"position\":2,\"name\":\"Refor\u00e7ar a capacidade a longo prazo para documentar viola\u00e7\u00f5es dos direitos humanos na Guatemala\u00a0\"}]},{\"@type\":\"WebSite\",\"@id\":\"https:\\\/\\\/franciscansinternational.org\\\/pt\\\/#website\",\"url\":\"https:\\\/\\\/franciscansinternational.org\\\/pt\\\/\",\"name\":\"Franciscans International (PT)\",\"description\":\"Just another Franciscans International site\",\"publisher\":{\"@id\":\"https:\\\/\\\/franciscansinternational.org\\\/pt\\\/#organization\"},\"potentialAction\":[{\"@type\":\"SearchAction\",\"target\":{\"@type\":\"EntryPoint\",\"urlTemplate\":\"https:\\\/\\\/franciscansinternational.org\\\/pt\\\/?s={search_term_string}\"},\"query-input\":{\"@type\":\"PropertyValueSpecification\",\"valueRequired\":true,\"valueName\":\"search_term_string\"}}],\"inLanguage\":\"pt-PT\"},{\"@type\":\"Organization\",\"@id\":\"https:\\\/\\\/franciscansinternational.org\\\/pt\\\/#organization\",\"name\":\"Franciscans International (PT)\",\"url\":\"https:\\\/\\\/franciscansinternational.org\\\/pt\\\/\",\"logo\":{\"@type\":\"ImageObject\",\"inLanguage\":\"pt-PT\",\"@id\":\"https:\\\/\\\/franciscansinternational.org\\\/pt\\\/#\\\/schema\\\/logo\\\/image\\\/\",\"url\":\"https:\\\/\\\/franciscansinternational.org\\\/wp-content\\\/uploads\\\/sites\\\/5\\\/2023\\\/05\\\/logo-3.png\",\"contentUrl\":\"https:\\\/\\\/franciscansinternational.org\\\/wp-content\\\/uploads\\\/sites\\\/5\\\/2023\\\/05\\\/logo-3.png\",\"width\":1200,\"height\":205,\"caption\":\"Franciscans International (PT)\"},\"image\":{\"@id\":\"https:\\\/\\\/franciscansinternational.org\\\/pt\\\/#\\\/schema\\\/logo\\\/image\\\/\"},\"sameAs\":[\"https:\\\/\\\/www.facebook.com\\\/FranciscansInternational\\\/\",\"https:\\\/\\\/x.com\\\/FranciscansIntl\",\"https:\\\/\\\/www.youtube.com\\\/channel\\\/UCexu0i-fWB4wwrlPMCz8_Zg\"]},{\"@type\":\"Person\",\"@id\":\"https:\\\/\\\/franciscansinternational.org\\\/pt\\\/#\\\/schema\\\/person\\\/f398f02712a9dcab7603295bc1ea94e4\",\"name\":\"communications\",\"image\":{\"@type\":\"ImageObject\",\"inLanguage\":\"pt-PT\",\"@id\":\"https:\\\/\\\/secure.gravatar.com\\\/avatar\\\/0b4a62226a9b4f7ce621ec49ca40be1e77d886a42ca84b8a0b0697e9ec17dd63?s=96&d=mm&r=g\",\"url\":\"https:\\\/\\\/secure.gravatar.com\\\/avatar\\\/0b4a62226a9b4f7ce621ec49ca40be1e77d886a42ca84b8a0b0697e9ec17dd63?s=96&d=mm&r=g\",\"contentUrl\":\"https:\\\/\\\/secure.gravatar.com\\\/avatar\\\/0b4a62226a9b4f7ce621ec49ca40be1e77d886a42ca84b8a0b0697e9ec17dd63?s=96&d=mm&r=g\",\"caption\":\"communications\"},\"url\":\"https:\\\/\\\/franciscansinternational.org\\\/pt\\\/author\\\/communications\\\/\"}]}<\/script>\n<!-- \/ Yoast SEO plugin. -->","yoast_head_json":{"title":"Refor\u00e7ar a capacidade a longo prazo para documentar viola\u00e7\u00f5es dos direitos humanos na Guatemala\u00a0 - Franciscans International (PT)","robots":{"index":"index","follow":"follow","max-snippet":"max-snippet:-1","max-image-preview":"max-image-preview:large","max-video-preview":"max-video-preview:-1"},"canonical":"https:\/\/franciscansinternational.org\/pt\/reforcar-a-capacidade-a-longo-prazo-para-documentar-violacoes-dos-direitos-humanos-na-guatemala\/","og_locale":"pt_PT","og_type":"article","og_title":"Refor\u00e7ar a capacidade a longo prazo para documentar viola\u00e7\u00f5es dos direitos humanos na Guatemala\u00a0 - Franciscans International (PT)","og_description":"A Franciscans International visitou recentemente a Guatemala para realizar um workshop de capacita\u00e7\u00e3o destinado a franciscanos e representantes da sociedade ...","og_url":"https:\/\/franciscansinternational.org\/pt\/reforcar-a-capacidade-a-longo-prazo-para-documentar-violacoes-dos-direitos-humanos-na-guatemala\/","og_site_name":"Franciscans International (PT)","article_publisher":"https:\/\/www.facebook.com\/FranciscansInternational\/","article_published_time":"2026-04-28T07:26:20+00:00","article_modified_time":"2026-04-28T07:26:21+00:00","og_image":[{"width":1600,"height":842,"url":"https:\/\/franciscansinternational.org\/pt\/wp-content\/uploads\/sites\/5\/2026\/04\/signal-2026-04-27-163813_008.jpeg","type":"image\/jpeg"}],"author":"communications","twitter_card":"summary_large_image","twitter_creator":"@FranciscansIntl","twitter_site":"@FranciscansIntl","twitter_misc":{"Escrito por":"communications","Tempo estimado de leitura":"3 minutos"},"schema":{"@context":"https:\/\/schema.org","@graph":[{"@type":"Article","@id":"https:\/\/franciscansinternational.org\/pt\/reforcar-a-capacidade-a-longo-prazo-para-documentar-violacoes-dos-direitos-humanos-na-guatemala\/#article","isPartOf":{"@id":"https:\/\/franciscansinternational.org\/pt\/reforcar-a-capacidade-a-longo-prazo-para-documentar-violacoes-dos-direitos-humanos-na-guatemala\/"},"author":{"name":"communications","@id":"https:\/\/franciscansinternational.org\/pt\/#\/schema\/person\/f398f02712a9dcab7603295bc1ea94e4"},"headline":"Refor\u00e7ar a capacidade a longo prazo para documentar viola\u00e7\u00f5es dos direitos humanos na Guatemala\u00a0","datePublished":"2026-04-28T07:26:20+00:00","dateModified":"2026-04-28T07:26:21+00:00","mainEntityOfPage":{"@id":"https:\/\/franciscansinternational.org\/pt\/reforcar-a-capacidade-a-longo-prazo-para-documentar-violacoes-dos-direitos-humanos-na-guatemala\/"},"wordCount":565,"publisher":{"@id":"https:\/\/franciscansinternational.org\/pt\/#organization"},"image":{"@id":"https:\/\/franciscansinternational.org\/pt\/reforcar-a-capacidade-a-longo-prazo-para-documentar-violacoes-dos-direitos-humanos-na-guatemala\/#primaryimage"},"thumbnailUrl":"https:\/\/franciscansinternational.org\/pt\/wp-content\/uploads\/sites\/5\/2026\/04\/signal-2026-04-27-163813_008.jpeg","keywords":["Dignidade igualit\u00e1ria","Programa para as Am\u00e9ricas"],"articleSection":["Not\u00edcias"],"inLanguage":"pt-PT"},{"@type":"WebPage","@id":"https:\/\/franciscansinternational.org\/pt\/reforcar-a-capacidade-a-longo-prazo-para-documentar-violacoes-dos-direitos-humanos-na-guatemala\/","url":"https:\/\/franciscansinternational.org\/pt\/reforcar-a-capacidade-a-longo-prazo-para-documentar-violacoes-dos-direitos-humanos-na-guatemala\/","name":"Refor\u00e7ar a capacidade a longo prazo para documentar viola\u00e7\u00f5es dos direitos humanos na Guatemala\u00a0 - Franciscans International (PT)","isPartOf":{"@id":"https:\/\/franciscansinternational.org\/pt\/#website"},"primaryImageOfPage":{"@id":"https:\/\/franciscansinternational.org\/pt\/reforcar-a-capacidade-a-longo-prazo-para-documentar-violacoes-dos-direitos-humanos-na-guatemala\/#primaryimage"},"image":{"@id":"https:\/\/franciscansinternational.org\/pt\/reforcar-a-capacidade-a-longo-prazo-para-documentar-violacoes-dos-direitos-humanos-na-guatemala\/#primaryimage"},"thumbnailUrl":"https:\/\/franciscansinternational.org\/pt\/wp-content\/uploads\/sites\/5\/2026\/04\/signal-2026-04-27-163813_008.jpeg","datePublished":"2026-04-28T07:26:20+00:00","dateModified":"2026-04-28T07:26:21+00:00","breadcrumb":{"@id":"https:\/\/franciscansinternational.org\/pt\/reforcar-a-capacidade-a-longo-prazo-para-documentar-violacoes-dos-direitos-humanos-na-guatemala\/#breadcrumb"},"inLanguage":"pt-PT","potentialAction":[{"@type":"ReadAction","target":["https:\/\/franciscansinternational.org\/pt\/reforcar-a-capacidade-a-longo-prazo-para-documentar-violacoes-dos-direitos-humanos-na-guatemala\/"]}]},{"@type":"ImageObject","inLanguage":"pt-PT","@id":"https:\/\/franciscansinternational.org\/pt\/reforcar-a-capacidade-a-longo-prazo-para-documentar-violacoes-dos-direitos-humanos-na-guatemala\/#primaryimage","url":"https:\/\/franciscansinternational.org\/pt\/wp-content\/uploads\/sites\/5\/2026\/04\/signal-2026-04-27-163813_008.jpeg","contentUrl":"https:\/\/franciscansinternational.org\/pt\/wp-content\/uploads\/sites\/5\/2026\/04\/signal-2026-04-27-163813_008.jpeg","width":1600,"height":842},{"@type":"BreadcrumbList","@id":"https:\/\/franciscansinternational.org\/pt\/reforcar-a-capacidade-a-longo-prazo-para-documentar-violacoes-dos-direitos-humanos-na-guatemala\/#breadcrumb","itemListElement":[{"@type":"ListItem","position":1,"name":"Home","item":"https:\/\/franciscansinternational.org\/pt\/"},{"@type":"ListItem","position":2,"name":"Refor\u00e7ar a capacidade a longo prazo para documentar viola\u00e7\u00f5es dos direitos humanos na Guatemala\u00a0"}]},{"@type":"WebSite","@id":"https:\/\/franciscansinternational.org\/pt\/#website","url":"https:\/\/franciscansinternational.org\/pt\/","name":"Franciscans International (PT)","description":"Just another Franciscans International site","publisher":{"@id":"https:\/\/franciscansinternational.org\/pt\/#organization"},"potentialAction":[{"@type":"SearchAction","target":{"@type":"EntryPoint","urlTemplate":"https:\/\/franciscansinternational.org\/pt\/?s={search_term_string}"},"query-input":{"@type":"PropertyValueSpecification","valueRequired":true,"valueName":"search_term_string"}}],"inLanguage":"pt-PT"},{"@type":"Organization","@id":"https:\/\/franciscansinternational.org\/pt\/#organization","name":"Franciscans International (PT)","url":"https:\/\/franciscansinternational.org\/pt\/","logo":{"@type":"ImageObject","inLanguage":"pt-PT","@id":"https:\/\/franciscansinternational.org\/pt\/#\/schema\/logo\/image\/","url":"https:\/\/franciscansinternational.org\/wp-content\/uploads\/sites\/5\/2023\/05\/logo-3.png","contentUrl":"https:\/\/franciscansinternational.org\/wp-content\/uploads\/sites\/5\/2023\/05\/logo-3.png","width":1200,"height":205,"caption":"Franciscans International (PT)"},"image":{"@id":"https:\/\/franciscansinternational.org\/pt\/#\/schema\/logo\/image\/"},"sameAs":["https:\/\/www.facebook.com\/FranciscansInternational\/","https:\/\/x.com\/FranciscansIntl","https:\/\/www.youtube.com\/channel\/UCexu0i-fWB4wwrlPMCz8_Zg"]},{"@type":"Person","@id":"https:\/\/franciscansinternational.org\/pt\/#\/schema\/person\/f398f02712a9dcab7603295bc1ea94e4","name":"communications","image":{"@type":"ImageObject","inLanguage":"pt-PT","@id":"https:\/\/secure.gravatar.com\/avatar\/0b4a62226a9b4f7ce621ec49ca40be1e77d886a42ca84b8a0b0697e9ec17dd63?s=96&d=mm&r=g","url":"https:\/\/secure.gravatar.com\/avatar\/0b4a62226a9b4f7ce621ec49ca40be1e77d886a42ca84b8a0b0697e9ec17dd63?s=96&d=mm&r=g","contentUrl":"https:\/\/secure.gravatar.com\/avatar\/0b4a62226a9b4f7ce621ec49ca40be1e77d886a42ca84b8a0b0697e9ec17dd63?s=96&d=mm&r=g","caption":"communications"},"url":"https:\/\/franciscansinternational.org\/pt\/author\/communications\/"}]}},"jetpack_featured_media_url":"https:\/\/franciscansinternational.org\/pt\/wp-content\/uploads\/sites\/5\/2026\/04\/signal-2026-04-27-163813_008.jpeg","jetpack_sharing_enabled":true,"_links":{"self":[{"href":"https:\/\/franciscansinternational.org\/pt\/wp-json\/wp\/v2\/posts\/970","targetHints":{"allow":["GET"]}}],"collection":[{"href":"https:\/\/franciscansinternational.org\/pt\/wp-json\/wp\/v2\/posts"}],"about":[{"href":"https:\/\/franciscansinternational.org\/pt\/wp-json\/wp\/v2\/types\/post"}],"author":[{"embeddable":true,"href":"https:\/\/franciscansinternational.org\/pt\/wp-json\/wp\/v2\/users\/3"}],"replies":[{"embeddable":true,"href":"https:\/\/franciscansinternational.org\/pt\/wp-json\/wp\/v2\/comments?post=970"}],"version-history":[{"count":2,"href":"https:\/\/franciscansinternational.org\/pt\/wp-json\/wp\/v2\/posts\/970\/revisions"}],"predecessor-version":[{"id":973,"href":"https:\/\/franciscansinternational.org\/pt\/wp-json\/wp\/v2\/posts\/970\/revisions\/973"}],"wp:featuredmedia":[{"embeddable":true,"href":"https:\/\/franciscansinternational.org\/pt\/wp-json\/wp\/v2\/media\/972"}],"wp:attachment":[{"href":"https:\/\/franciscansinternational.org\/pt\/wp-json\/wp\/v2\/media?parent=970"}],"wp:term":[{"taxonomy":"category","embeddable":true,"href":"https:\/\/franciscansinternational.org\/pt\/wp-json\/wp\/v2\/categories?post=970"},{"taxonomy":"post_tag","embeddable":true,"href":"https:\/\/franciscansinternational.org\/pt\/wp-json\/wp\/v2\/tags?post=970"}],"curies":[{"name":"wp","href":"https:\/\/api.w.org\/{rel}","templated":true}]}}